{"id":1507,"date":"2023-04-06T13:22:27","date_gmt":"2023-04-06T11:22:27","guid":{"rendered":"https:\/\/portoghese.uniroma3.it\/clplanciani\/?p=1507"},"modified":"2024-04-11T09:31:47","modified_gmt":"2024-04-11T07:31:47","slug":"dia-mundial-da-lingua-portuguesa","status":"publish","type":"post","link":"https:\/\/portoghese.uniroma3.it\/clplanciani\/2023\/04\/06\/dia-mundial-da-lingua-portuguesa\/","title":{"rendered":"Dia Mundial da L\u00edngua Portuguesa"},"content":{"rendered":"\n<div class=\"wp-block-group is-vertical is-content-justification-center is-layout-flex wp-container-core-group-is-layout-4b2eccd6 wp-block-group-is-layout-flex\">\n<h3 class=\"wp-block-heading\">CONGRESSO INTERNACIONAL<\/h3>\n\n\n\n<p class=\"has-text-align-center\"><strong>UNIVERSIT\u00c0 DEGLI STUDI ROMA TRE<br><\/strong>DIPARTIMENTO DI LINGUE, LETTERATURE E CULTURE STRANIERE<\/p>\n\n\n\n<p><strong>INSTITUTO GUIMAR\u00c3ES ROMA<\/strong><\/p>\n\n\n\n<p>EMBAIXADA DO BRASIL<\/p>\n\n\n\n<p><strong>Roma, 5 de maio de 2023<\/strong><\/p>\n\n\n\n<div class=\"wp-block-group is-vertical is-content-justification-stretch is-layout-flex wp-container-core-group-is-layout-1b95dd14 wp-block-group-is-layout-flex\">\n<p class=\"has-text-align-center\"><strong>Comit\u00ea Organizador<\/strong><\/p>\n\n\n\n<p class=\"has-text-align-center\">Gian Luigi De Rosa<br>Giorgio de Marchis<br>Luigia De Crescenzo<br>Filipa Matos<\/p>\n\n\n\n<p class=\"has-text-align-center\"><strong>Equipe T\u00e9cnica<\/strong><\/p>\n\n\n\n<p class=\"has-text-align-center\">Daniela Dal Pozzo<br>Martina Desantis<br>Silvia Inserra<\/p>\n\n\n\n<p class=\"has-text-align-center\">info: <a href=\"mailto:clp.camoes@uniroma3.it\">clp.camoes@uniroma3.it<\/a><br><a href=\"https:\/\/portoghese.uniroma3.it\/clplanciani\">https:\/\/portoghese.uniroma3.it\/clplanciani<\/a><\/p>\n<\/div>\n<\/div>\n\n\n\n<hr class=\"wp-block-separator has-alpha-channel-opacity is-style-wide\" \/>\n\n\n\n<h2 class=\"wp-block-heading\">Programma<\/h2>\n\n\n\n<p class=\"has-text-align-center\"><strong>Sala Ignazio Ambrogio<\/strong><br><strong>Dipartimento di Lingue, Letterature e Culture Straniere<\/strong><br><strong>Universit\u00e0 Roma Tre<br><\/strong>Via del Valco di San Paolo, 19, Roma<\/p>\n\n\n\n<p><strong>Abertura<\/strong><br><mark style=\"background-color:#ff6900\" class=\"has-inline-color has-white-color\">9h30<\/mark><mark class=\"has-inline-color\"><span><br><\/span><\/mark><strong>Mesa Institucional<br><\/strong>Giorgio de Marchis (Direttore del Dipartimento di Lingue, Letterature e Culture Straniere)<br>Sara Bator\u00e9o Crespo, Ministra Conselheira (Embaixada de Portugal)<br>Anabela Miala, Conselheira (Embaixada de Angola)<\/p>\n\n\n\n<p><mark style=\"background-color:#ff6900\" class=\"has-inline-color has-white-color\">10h<\/mark><br><strong>Confer\u00eancia de Abertura<br><\/strong>Carlos Alberto Faraco (Universidade Federal do Paran\u00e1)<br><em>O Portugu\u00eas no contexto pol\u00edtico das grandes l\u00ednguas internacionais<br><\/em>Chair: Gian Luigi De Rosa<\/p>\n\n\n\n<p><mark style=\"background-color:#ff6900\" class=\"has-inline-color has-white-color\">11h-12h20<br><\/mark><strong>Sess\u00e3o de Comunica\u00e7\u00f5es:<\/strong> <em>Aprendizagem do Portugu\u00eas L\u00edngua Estrangeira (1)<\/em><\/p>\n\n\n\n<ul class=\"wp-block-list\">\n<li>Filipa Matos (Universit\u00e0 Roma Tre)<br><em>(Des)constru\u00e7\u00e3o de textos redigidos em PLE com base em tarefas<\/em><\/li>\n\n\n\n<li>Francesco Morleo (Universit\u00e0 di Napoli \u201cL\u2019Orientale\u201d)<br><em>TAV e ensino do PLE<\/em><\/li>\n\n\n\n<li>Daniela Dal Pozzo (Universidade de Caxias do Sul)<br><em>As preposi\u00e7\u00f5es na aprendizagem do portugu\u00eas por estrangeiros<\/em><\/li>\n\n\n\n<li>L\u00edgia Rospantini (Sprachschule Aktiv, M\u00fcnchen)<br><em>O saber fazer, o saber falar e o saber ser no contexto de aprendizagem de l\u00ednguas<\/em><\/li>\n<\/ul>\n\n\n\n<p>Chair: Luigia De Crescenzo<\/p>\n\n\n\n<p><mark style=\"background-color:#ff6900\" class=\"has-inline-color has-white-color\">12h20-12h30<br><\/mark><strong>Debate<\/strong><\/p>\n\n\n\n<p><mark style=\"background-color:#ff6900\" class=\"has-inline-color has-white-color\">12h30<br><\/mark><strong>Apresenta\u00e7\u00e3o do Projeto editorial: <\/strong><em>Salvador Pippa,<\/em> <em>&#8220;Interpretare, tradurre, comunicare: l\u2019interpretazione e la traduzione dal portoghese all&#8217;italiano&#8221;, EUT, Trieste, 2023.<\/em><br>Gian Luigi De Rosa, Vanessa Ribeiro Castagna e Carla Valeria de Souza Faria<\/p>\n\n\n\n<p><mark style=\"background-color:#ff6900\" class=\"has-inline-color has-white-color\">13<\/mark><br><strong>Almo\u00e7o<\/strong><\/p>\n\n\n\n<p class=\"has-text-align-center\"><strong>Instituto Guimar\u00e3es Rosa Roma<br>Auditorium Glauber Rocha<\/strong><br>Piazza Navona, 18, Roma<\/p>\n\n\n\n<p><mark style=\"background-color:#ff6900\" class=\"has-inline-color has-white-color\">15h30<br><\/mark><strong>Sess\u00e3o <em>Discurso acad\u00eamico e gram\u00e1tica<\/em><\/strong><\/p>\n\n\n\n<ul class=\"wp-block-list\">\n<li>15h30<br>Carlos Alberto Faraco (Universidade Federal do Paran\u00e1)<br><em>Problemas e perspectivas para uma nova gram\u00e1tica brasileira<\/em><\/li>\n\n\n\n<li>16h10<br>Gian Luigi De Rosa (Universit\u00e0 Roma Tre)<br><em>O PB neo-standard no Discurso Especializado web-mediated<\/em><\/li>\n\n\n\n<li>16h40<br>Roberto Mulinacci (Universit\u00e0 di Bologna)<br><em>Em busca de uma gram\u00e1tica pluric\u00eantrica do portugu\u00eas? Desafios e problemas<\/em><\/li>\n<\/ul>\n\n\n\n<p>Chair: Vanessa Ribeiro Castagna<\/p>\n\n\n\n<p><mark style=\"background-color:#ff6900\" class=\"has-inline-color has-white-color\">17h10-17h30<br><\/mark><strong>Debate<\/strong><\/p>\n\n\n\n<p><mark style=\"background-color:#ff6900\" class=\"has-inline-color has-white-color\">17h30<br><\/mark><strong>Sess\u00e3o de Comunica\u00e7\u00f5es:<\/strong> <em>Aprendizagem do Portugu\u00eas L\u00edngua Estrangeira (2)<\/em><\/p>\n\n\n\n<ul class=\"wp-block-list\">\n<li>17h30<br>Vanessa Ribeiro Castagna (Universit\u00e0 di Venezia (Ca\u2019 Foscari)<br><em>Consci\u00eancia metalingu\u00edstica em PLE: achados e perdidos na tradu\u00e7\u00e3o<\/em><\/li>\n\n\n\n<li>17h50<br>Carla Valeria de Souza Faria (Universit\u00e0 di Trieste)<br><em>An\u00e1lise de erros em reda\u00e7\u00f5es em aprendizes ital\u00f3fonos de PLE<\/em><\/li>\n<\/ul>\n\n\n\n<p>Chair: Roberto Mulinacci<\/p>\n\n\n\n<p><mark style=\"background-color:#ff6900\" class=\"has-inline-color has-white-color\">18h10-18h30<br><\/mark><strong>Debate<\/strong><\/p>\n","protected":false},"excerpt":{"rendered":"<p>DIA MUNDIAL DA L\u00cdNGUA PORTUGUESA 2023. Universit\u00e0 Degli Studi Roma Tre (Dipartimento Di Lingue, Letterature E Culture Straniere) e Instituto Guimar\u00e3es Rosa (Embaixada Do Brasil). Roma, 5 de maio de 2023.<\/p>\n","protected":false},"author":4,"featured_media":1508,"comment_status":"closed","ping_status":"closed","sticky":false,"template":"elementor_theme","format":"standard","meta":{"footnotes":""},"categories":[11],"tags":[10],"class_list":["post-1507","post","type-post","status-publish","format-standard","has-post-thumbnail","hentry","category-eventi","tag-eventi"],"_links":{"self":[{"href":"https:\/\/portoghese.uniroma3.it\/clplanciani\/wp-json\/wp\/v2\/posts\/1507","targetHints":{"allow":["GET"]}}],"collection":[{"href":"https:\/\/portoghese.uniroma3.it\/clplanciani\/wp-json\/wp\/v2\/posts"}],"about":[{"href":"https:\/\/portoghese.uniroma3.it\/clplanciani\/wp-json\/wp\/v2\/types\/post"}],"author":[{"embeddable":true,"href":"https:\/\/portoghese.uniroma3.it\/clplanciani\/wp-json\/wp\/v2\/users\/4"}],"replies":[{"embeddable":true,"href":"https:\/\/portoghese.uniroma3.it\/clplanciani\/wp-json\/wp\/v2\/comments?post=1507"}],"version-history":[{"count":31,"href":"https:\/\/portoghese.uniroma3.it\/clplanciani\/wp-json\/wp\/v2\/posts\/1507\/revisions"}],"predecessor-version":[{"id":2011,"href":"https:\/\/portoghese.uniroma3.it\/clplanciani\/wp-json\/wp\/v2\/posts\/1507\/revisions\/2011"}],"wp:featuredmedia":[{"embeddable":true,"href":"https:\/\/portoghese.uniroma3.it\/clplanciani\/wp-json\/wp\/v2\/media\/1508"}],"wp:attachment":[{"href":"https:\/\/portoghese.uniroma3.it\/clplanciani\/wp-json\/wp\/v2\/media?parent=1507"}],"wp:term":[{"taxonomy":"category","embeddable":true,"href":"https:\/\/portoghese.uniroma3.it\/clplanciani\/wp-json\/wp\/v2\/categories?post=1507"},{"taxonomy":"post_tag","embeddable":true,"href":"https:\/\/portoghese.uniroma3.it\/clplanciani\/wp-json\/wp\/v2\/tags?post=1507"}],"curies":[{"name":"wp","href":"https:\/\/api.w.org\/{rel}","templated":true}]}}