{"id":1952,"date":"2023-12-13T12:21:57","date_gmt":"2023-12-13T11:21:57","guid":{"rendered":"https:\/\/portoghese.uniroma3.it\/clplanciani\/?p=1952"},"modified":"2024-03-21T18:35:53","modified_gmt":"2024-03-21T17:35:53","slug":"lusomovies-2024","status":"publish","type":"post","link":"https:\/\/portoghese.uniroma3.it\/clplanciani\/2023\/12\/13\/lusomovies-2024\/","title":{"rendered":"Lusomovies 2024"},"content":{"rendered":"\n<figure class=\"wp-block-image size-large\"><img loading=\"lazy\" decoding=\"async\" width=\"1024\" height=\"1024\" src=\"https:\/\/portoghese.uniroma3.it\/clplanciani\/wp-content\/uploads\/sites\/4\/2024\/03\/Imagem-do-WhatsApp-de-2024-03-21-as-18.04.19_1c16ee56-1024x1024.jpg\" alt=\"\" class=\"wp-image-2001\" srcset=\"https:\/\/portoghese.uniroma3.it\/clplanciani\/wp-content\/uploads\/sites\/4\/2024\/03\/Imagem-do-WhatsApp-de-2024-03-21-as-18.04.19_1c16ee56-1024x1024.jpg 1024w, https:\/\/portoghese.uniroma3.it\/clplanciani\/wp-content\/uploads\/sites\/4\/2024\/03\/Imagem-do-WhatsApp-de-2024-03-21-as-18.04.19_1c16ee56-300x300.jpg 300w, https:\/\/portoghese.uniroma3.it\/clplanciani\/wp-content\/uploads\/sites\/4\/2024\/03\/Imagem-do-WhatsApp-de-2024-03-21-as-18.04.19_1c16ee56-150x150.jpg 150w, https:\/\/portoghese.uniroma3.it\/clplanciani\/wp-content\/uploads\/sites\/4\/2024\/03\/Imagem-do-WhatsApp-de-2024-03-21-as-18.04.19_1c16ee56-768x768.jpg 768w, https:\/\/portoghese.uniroma3.it\/clplanciani\/wp-content\/uploads\/sites\/4\/2024\/03\/Imagem-do-WhatsApp-de-2024-03-21-as-18.04.19_1c16ee56-1536x1536.jpg 1536w, https:\/\/portoghese.uniroma3.it\/clplanciani\/wp-content\/uploads\/sites\/4\/2024\/03\/Imagem-do-WhatsApp-de-2024-03-21-as-18.04.19_1c16ee56.jpg 1600w\" sizes=\"auto, (max-width: 1024px) 100vw, 1024px\" \/><\/figure>\n\n\n\n<h2 class=\"wp-block-heading has-text-align-center\" style=\"font-style:normal;font-weight:900\">Inscri\u00e7\u00f5es abertas para a IV edi\u00e7\u00e3o do <br>LUSOMOVIES<\/h2>\n\n\n\n<h3 class=\"wp-block-heading has-text-align-center\">Festival de curtas-metragens em l\u00edngua portuguesa<\/h3>\n\n\n\n<h4 class=\"wp-block-heading has-text-align-center has-vivid-red-color has-text-color has-link-color wp-elements-4e5df43f15fa89e6ee9cfd4c2feb0a9f\" style=\"font-style:normal;font-weight:900\"><strong>Prazo para as inscri\u00e7\u00f5es:<\/strong><br><strong>31 de maio de 2024<\/strong><\/h4>\n\n\n\n<p><strong>As inscri\u00e7\u00f5es ser\u00e3o efetuadas exclusivamente atrav\u00e9s da plataforma Film Freeway.<\/strong><\/p>\n\n\n\n<p><strong>Dire\u00e7\u00e3o: <\/strong>Professor Gian Luigi De Rosa e Cintia Dorneles<\/p>\n\n\n\n<p><strong>Realiza\u00e7\u00e3o:<\/strong> Associa\u00e7\u00e3o Vagaluna e Centro de L\u00edngua Portuguesa &#8220;Giulia Lanciani&#8221; Cam\u00f5es &#8211; Universit\u00e0 Degli Studi &#8220;Roma Tre&#8221;<\/p>\n\n\n\n<p><strong>Projeto gr\u00e1fico:<\/strong> Andrei Aguiar <\/p>\n\n\n\n<div class=\"wp-block-buttons has-custom-font-size has-medium-font-size is-content-justification-center is-layout-flex wp-container-core-buttons-is-layout-16018d1d wp-block-buttons-is-layout-flex\">\n<div class=\"wp-block-button has-custom-width wp-block-button__width-25\"><a class=\"wp-block-button__link has-white-color has-luminous-vivid-orange-to-vivid-red-gradient-background has-text-color has-background has-link-color wp-element-button\" href=\"https:\/\/filmfreeway.com\/LusoMovies2024\">Inscreva-se<\/a><\/div>\n<\/div>\n","protected":false},"excerpt":{"rendered":"<p>Inscri\u00e7\u00f5es abertas para a IV edi\u00e7\u00e3o do LUSOMOVIES Festival de curtas-metragens em l\u00edngua portuguesa Prazo para as inscri\u00e7\u00f5es:31 de maio de 2024 As inscri\u00e7\u00f5es ser\u00e3o efetuadas exclusivamente atrav\u00e9s da plataforma Film Freeway. Dire\u00e7\u00e3o: Professor Gian Luigi De Rosa e Cintia Dorneles Realiza\u00e7\u00e3o: Associa\u00e7\u00e3o Vagaluna e Centro de L\u00edngua Portuguesa &#8220;Giulia Lanciani&#8221; Cam\u00f5es &#8211; Universit\u00e0 Degli&nbsp;&#8230;<\/p>\n","protected":false},"author":4,"featured_media":0,"comment_status":"closed","ping_status":"closed","sticky":false,"template":"","format":"standard","meta":{"footnotes":""},"categories":[1],"tags":[],"class_list":["post-1952","post","type-post","status-publish","format-standard","hentry","category-senza-categoria"],"_links":{"self":[{"href":"https:\/\/portoghese.uniroma3.it\/clplanciani\/wp-json\/wp\/v2\/posts\/1952","targetHints":{"allow":["GET"]}}],"collection":[{"href":"https:\/\/portoghese.uniroma3.it\/clplanciani\/wp-json\/wp\/v2\/posts"}],"about":[{"href":"https:\/\/portoghese.uniroma3.it\/clplanciani\/wp-json\/wp\/v2\/types\/post"}],"author":[{"embeddable":true,"href":"https:\/\/portoghese.uniroma3.it\/clplanciani\/wp-json\/wp\/v2\/users\/4"}],"replies":[{"embeddable":true,"href":"https:\/\/portoghese.uniroma3.it\/clplanciani\/wp-json\/wp\/v2\/comments?post=1952"}],"version-history":[{"count":9,"href":"https:\/\/portoghese.uniroma3.it\/clplanciani\/wp-json\/wp\/v2\/posts\/1952\/revisions"}],"predecessor-version":[{"id":2009,"href":"https:\/\/portoghese.uniroma3.it\/clplanciani\/wp-json\/wp\/v2\/posts\/1952\/revisions\/2009"}],"wp:attachment":[{"href":"https:\/\/portoghese.uniroma3.it\/clplanciani\/wp-json\/wp\/v2\/media?parent=1952"}],"wp:term":[{"taxonomy":"category","embeddable":true,"href":"https:\/\/portoghese.uniroma3.it\/clplanciani\/wp-json\/wp\/v2\/categories?post=1952"},{"taxonomy":"post_tag","embeddable":true,"href":"https:\/\/portoghese.uniroma3.it\/clplanciani\/wp-json\/wp\/v2\/tags?post=1952"}],"curies":[{"name":"wp","href":"https:\/\/api.w.org\/{rel}","templated":true}]}}